{"id":3253,"date":"2026-04-28T04:52:21","date_gmt":"2026-04-28T03:52:21","guid":{"rendered":"https:\/\/www.bodelschwingh-muenster.de\/?p=3253"},"modified":"2026-04-28T04:52:21","modified_gmt":"2026-04-28T03:52:21","slug":"die-3b-bereitet-den-garten-vor","status":"publish","type":"post","link":"https:\/\/www.bodelschwingh-muenster.de\/?p=3253","title":{"rendered":"Die 3b bereitet den Garten vor!"},"content":{"rendered":"\n<p>Viele Freude hatten die Sch\u00fclerinnen und Sch\u00fcler der 3b zusammen mit Frau Altgelt und Frau M\u00fcllmann bei der Gartenarbeit. Mit Geduld und Einsatz w\u00fchlten die Kinder in der Erde, pflanzten und setzen den Garten f\u00fcr den Sommer in Stand. Vielen Dank daf\u00fcr!<\/p>\n\n\n\n<figure class=\"wp-block-gallery has-nested-images columns-default is-cropped wp-block-gallery-1 is-layout-flex wp-block-gallery-is-layout-flex\">\n<figure class=\"wp-block-image size-large\"><img loading=\"lazy\" decoding=\"async\" width=\"240\" height=\"320\" data-id=\"3254\" src=\"https:\/\/www.bodelschwingh-muenster.de\/wp-content\/uploads\/2026\/04\/6d539258-a066-4d00-9faa-46e45097fc5e.jpg\" alt=\"\" class=\"wp-image-3254\" srcset=\"https:\/\/www.bodelschwingh-muenster.de\/wp-content\/uploads\/2026\/04\/6d539258-a066-4d00-9faa-46e45097fc5e.jpg 240w, https:\/\/www.bodelschwingh-muenster.de\/wp-content\/uploads\/2026\/04\/6d539258-a066-4d00-9faa-46e45097fc5e-225x300.jpg 225w\" sizes=\"auto, (max-width: 240px) 100vw, 240px\" \/><\/figure>\n\n\n\n<figure class=\"wp-block-image size-large\"><img loading=\"lazy\" decoding=\"async\" width=\"222\" height=\"320\" data-id=\"3255\" src=\"https:\/\/www.bodelschwingh-muenster.de\/wp-content\/uploads\/2026\/04\/867a9285-e5e9-46ce-aca9-11c8ba15c09e.jpg\" alt=\"\" class=\"wp-image-3255\" srcset=\"https:\/\/www.bodelschwingh-muenster.de\/wp-content\/uploads\/2026\/04\/867a9285-e5e9-46ce-aca9-11c8ba15c09e.jpg 222w, https:\/\/www.bodelschwingh-muenster.de\/wp-content\/uploads\/2026\/04\/867a9285-e5e9-46ce-aca9-11c8ba15c09e-208x300.jpg 208w\" sizes=\"auto, (max-width: 222px) 100vw, 222px\" \/><\/figure>\n\n\n\n<figure class=\"wp-block-image size-large\"><img loading=\"lazy\" decoding=\"async\" width=\"237\" height=\"320\" data-id=\"3256\" src=\"https:\/\/www.bodelschwingh-muenster.de\/wp-content\/uploads\/2026\/04\/49965648-795d-4cb9-b3cd-90916d02d4a7.jpg\" alt=\"\" class=\"wp-image-3256\" srcset=\"https:\/\/www.bodelschwingh-muenster.de\/wp-content\/uploads\/2026\/04\/49965648-795d-4cb9-b3cd-90916d02d4a7.jpg 237w, https:\/\/www.bodelschwingh-muenster.de\/wp-content\/uploads\/2026\/04\/49965648-795d-4cb9-b3cd-90916d02d4a7-222x300.jpg 222w\" sizes=\"auto, (max-width: 237px) 100vw, 237px\" \/><\/figure>\n\n\n\n<figure class=\"wp-block-image size-large\"><img loading=\"lazy\" decoding=\"async\" width=\"227\" height=\"320\" data-id=\"3258\" src=\"https:\/\/www.bodelschwingh-muenster.de\/wp-content\/uploads\/2026\/04\/e26d293a-8abd-4c2e-bce5-ab2167da36a7.jpg\" alt=\"\" class=\"wp-image-3258\" srcset=\"https:\/\/www.bodelschwingh-muenster.de\/wp-content\/uploads\/2026\/04\/e26d293a-8abd-4c2e-bce5-ab2167da36a7.jpg 227w, https:\/\/www.bodelschwingh-muenster.de\/wp-content\/uploads\/2026\/04\/e26d293a-8abd-4c2e-bce5-ab2167da36a7-213x300.jpg 213w\" sizes=\"auto, (max-width: 227px) 100vw, 227px\" \/><\/figure>\n<\/figure>\n","protected":false},"excerpt":{"rendered":"<p>Viele Freude hatten die Sch\u00fclerinnen und Sch\u00fcler der 3b zusammen mit Frau Altgelt und Frau M\u00fcllmann bei der Gartenarbeit. Mit Geduld und Einsatz w\u00fchlten die Kinder in der Erde, pflanzten und setzen den Garten f\u00fcr den Sommer in Stand. Vielen &hellip; <\/p>\n","protected":false},"author":5,"featured_media":0,"comment_status":"closed","ping_status":"","sticky":false,"template":"","format":"standard","meta":{"footnotes":""},"categories":[15],"tags":[],"class_list":["post-3253","post","type-post","status-publish","format-standard","hentry","category-aus-dem-schulleben"],"_links":{"self":[{"href":"https:\/\/www.bodelschwingh-muenster.de\/index.php?rest_route=\/wp\/v2\/posts\/3253","targetHints":{"allow":["GET"]}}],"collection":[{"href":"https:\/\/www.bodelschwingh-muenster.de\/index.php?rest_route=\/wp\/v2\/posts"}],"about":[{"href":"https:\/\/www.bodelschwingh-muenster.de\/index.php?rest_route=\/wp\/v2\/types\/post"}],"author":[{"embeddable":true,"href":"https:\/\/www.bodelschwingh-muenster.de\/index.php?rest_route=\/wp\/v2\/users\/5"}],"replies":[{"embeddable":true,"href":"https:\/\/www.bodelschwingh-muenster.de\/index.php?rest_route=%2Fwp%2Fv2%2Fcomments&post=3253"}],"version-history":[{"count":1,"href":"https:\/\/www.bodelschwingh-muenster.de\/index.php?rest_route=\/wp\/v2\/posts\/3253\/revisions"}],"predecessor-version":[{"id":3259,"href":"https:\/\/www.bodelschwingh-muenster.de\/index.php?rest_route=\/wp\/v2\/posts\/3253\/revisions\/3259"}],"wp:attachment":[{"href":"https:\/\/www.bodelschwingh-muenster.de\/index.php?rest_route=%2Fwp%2Fv2%2Fmedia&parent=3253"}],"wp:term":[{"taxonomy":"category","embeddable":true,"href":"https:\/\/www.bodelschwingh-muenster.de\/index.php?rest_route=%2Fwp%2Fv2%2Fcategories&post=3253"},{"taxonomy":"post_tag","embeddable":true,"href":"https:\/\/www.bodelschwingh-muenster.de\/index.php?rest_route=%2Fwp%2Fv2%2Ftags&post=3253"}],"curies":[{"name":"wp","href":"https:\/\/api.w.org\/{rel}","templated":true}]}}